{"id":2046,"date":"2025-08-06T15:30:00","date_gmt":"2025-08-06T18:30:00","guid":{"rendered":"https:\/\/finestracar.com.br\/?p=2046"},"modified":"2025-08-06T15:30:01","modified_gmt":"2025-08-06T18:30:01","slug":"janela-corredica-comunicacao-nova-fiorino","status":"publish","type":"post","link":"https:\/\/finestracar.com.br\/es\/janela-corredica-comunicacao-nova-fiorino\/","title":{"rendered":"JANELA CORREDI\u00c7A COMUNICA\u00c7\u00c3O  NOVA FIORINO"},"content":{"rendered":"","protected":false},"excerpt":{"rendered":"","protected":false},"author":1,"featured_media":2047,"comment_status":"open","ping_status":"open","sticky":false,"template":"","format":"standard","meta":[],"categories":[80],"tags":[],"acf":[],"_links":{"self":[{"href":"https:\/\/finestracar.com.br\/es\/wp-json\/wp\/v2\/posts\/2046"}],"collection":[{"href":"https:\/\/finestracar.com.br\/es\/wp-json\/wp\/v2\/posts"}],"about":[{"href":"https:\/\/finestracar.com.br\/es\/wp-json\/wp\/v2\/types\/post"}],"author":[{"embeddable":true,"href":"https:\/\/finestracar.com.br\/es\/wp-json\/wp\/v2\/users\/1"}],"replies":[{"embeddable":true,"href":"https:\/\/finestracar.com.br\/es\/wp-json\/wp\/v2\/comments?post=2046"}],"version-history":[{"count":1,"href":"https:\/\/finestracar.com.br\/es\/wp-json\/wp\/v2\/posts\/2046\/revisions"}],"predecessor-version":[{"id":2049,"href":"https:\/\/finestracar.com.br\/es\/wp-json\/wp\/v2\/posts\/2046\/revisions\/2049"}],"wp:featuredmedia":[{"embeddable":true,"href":"https:\/\/finestracar.com.br\/es\/wp-json\/wp\/v2\/media\/2047"}],"wp:attachment":[{"href":"https:\/\/finestracar.com.br\/es\/wp-json\/wp\/v2\/media?parent=2046"}],"wp:term":[{"taxonomy":"category","embeddable":true,"href":"https:\/\/finestracar.com.br\/es\/wp-json\/wp\/v2\/categories?post=2046"},{"taxonomy":"post_tag","embeddable":true,"href":"https:\/\/finestracar.com.br\/es\/wp-json\/wp\/v2\/tags?post=2046"}],"curies":[{"name":"wp","href":"https:\/\/api.w.org\/{rel}","templated":true}]}}