{"id":477,"date":"2019-04-05T15:55:38","date_gmt":"2019-04-05T15:55:38","guid":{"rendered":"https:\/\/finestracar.com.br\/?p=477"},"modified":"2019-04-05T15:55:38","modified_gmt":"2019-04-05T15:55:38","slug":"janela-saveiro-ate-1997","status":"publish","type":"post","link":"https:\/\/finestracar.com.br\/es\/janela-saveiro-ate-1997\/","title":{"rendered":"JANELA Saveiro at\u00e9 1997"},"content":{"rendered":"\n<p> Janela de comunica\u00e7\u00e3o Saveiro at\u00e9 1997 \u2013 Vidros Temperados <\/p>\n","protected":false},"excerpt":{"rendered":"<p>Janela de comunica\u00e7\u00e3o Saveiro at\u00e9 1997 \u2013 Vidros Temperados<\/p>\n","protected":false},"author":1,"featured_media":478,"comment_status":"open","ping_status":"open","sticky":false,"template":"","format":"standard","meta":[],"categories":[35],"tags":[],"acf":[],"_links":{"self":[{"href":"https:\/\/finestracar.com.br\/es\/wp-json\/wp\/v2\/posts\/477"}],"collection":[{"href":"https:\/\/finestracar.com.br\/es\/wp-json\/wp\/v2\/posts"}],"about":[{"href":"https:\/\/finestracar.com.br\/es\/wp-json\/wp\/v2\/types\/post"}],"author":[{"embeddable":true,"href":"https:\/\/finestracar.com.br\/es\/wp-json\/wp\/v2\/users\/1"}],"replies":[{"embeddable":true,"href":"https:\/\/finestracar.com.br\/es\/wp-json\/wp\/v2\/comments?post=477"}],"version-history":[{"count":0,"href":"https:\/\/finestracar.com.br\/es\/wp-json\/wp\/v2\/posts\/477\/revisions"}],"wp:featuredmedia":[{"embeddable":true,"href":"https:\/\/finestracar.com.br\/es\/wp-json\/wp\/v2\/media\/478"}],"wp:attachment":[{"href":"https:\/\/finestracar.com.br\/es\/wp-json\/wp\/v2\/media?parent=477"}],"wp:term":[{"taxonomy":"category","embeddable":true,"href":"https:\/\/finestracar.com.br\/es\/wp-json\/wp\/v2\/categories?post=477"},{"taxonomy":"post_tag","embeddable":true,"href":"https:\/\/finestracar.com.br\/es\/wp-json\/wp\/v2\/tags?post=477"}],"curies":[{"name":"wp","href":"https:\/\/api.w.org\/{rel}","templated":true}]}}